{"id":13674,"date":"2021-11-04T09:48:00","date_gmt":"2021-11-04T08:48:00","guid":{"rendered":"https:\/\/www.lksnext.com\/es\/?post_type=noticias_boletin&#038;p=13674"},"modified":"2021-11-04T09:49:18","modified_gmt":"2021-11-04T08:49:18","slug":"proyecto-de-presupuestos-generales-del-estado-para-el-ano-2022","status":"publish","type":"noticias_boletin","link":"https:\/\/www.lksnext.com\/eu\/noticias_boletin\/proyecto-de-presupuestos-generales-del-estado-para-el-ano-2022\/","title":{"rendered":"Proyecto de presupuestos generales del estado para el a\u00f1o 2022"},"content":{"rendered":"<p>Se ha presentado para su tramitaci\u00f3n el proyecto de Presupuestos Generales del Estado para el a\u00f1o 2022, cuyas principales novedades en el \u00e1mbito laboral y de Seguridad Social son las siguientes:<\/p>\n<p>En materia de <strong>pensiones:<\/strong><\/p>\n<ul>\n<li>Se establece una revalorizaci\u00f3n media de las pensiones igual al incremento del IPC entre los meses de diciembre 2020 y noviembre de 2021 que no van a poder superar el l\u00edmite m\u00e1ximo fijado para el a\u00f1o 2021.<\/li>\n<li>La cuant\u00eda de las pensiones no contributivas de jubilaci\u00f3n e invalidez se incrementa en el 3%.<\/li>\n<li>El complemento por vivienda se fija en 525 Euros\/a\u00f1o.<\/li>\n<li>Las prestaciones de orfandad causadas por violencia contra la mujer, experimentar\u00e1n en 2022 un incremento igual al que se apruebe para el SMI para dicho a\u00f1o.<\/li>\n<li>Se fijan las cuant\u00edas de las prestaciones familiares y del complemento de pensiones contributivas para la reducci\u00f3n de la brecha de g\u00e9nero quedando incrementadas, con car\u00e1cter general, en un 3%.<\/li>\n<\/ul>\n<p>En materia de <strong>cotizaciones en el R\u00e9gimen General de la Seguridad Social: <\/strong><\/p>\n<ul>\n<li>Las bases m\u00e1ximas de cotizaci\u00f3n se establecen para 2022 en 4.139,40 Euros\/mes.<\/li>\n<li>Las bases m\u00ednimas de cotizaci\u00f3n, seg\u00fan categor\u00edas profesionales y grupos de cotizaci\u00f3n, se incrementar\u00e1n para 2022, en el mismo porcentaje en que aumente el SMI.<\/li>\n<li>Se mantienen los tipos de cotizaci\u00f3n vigentes.<\/li>\n<li>En el sistema especial de empleados de hogar, las bases de cotizaci\u00f3n se van a incrementar en el mismo porcentaje en que aumente el SMI.<\/li>\n<\/ul>\n<p>En materia de cotizaciones en el <strong>R\u00e9gimen Especial de Trabajadores Aut\u00f3nomos: <\/strong><\/p>\n<ul>\n<li>Se incrementan las bases de cotizaci\u00f3n en 1,70% quedando establecidas en 4.139,40 Euros la base m\u00e1xima y en 960,60 Euros la base m\u00ednima.<\/li>\n<\/ul>\n<p>La cuant\u00eda del <strong>IPREM <\/strong>se incrementa en los siguientes t\u00e9rminos:<\/p>\n<ul>\n<li>19,30 Euros\/d\u00eda.<\/li>\n<li>579,02 Euros\/mes.<\/li>\n<li>948,24 Euros\/a\u00f1o (8.106,28 Euros cuando se trate de normas en que la referencia al SMI fue sustituida por la del IPREM y se incluyan las pagas extras).<\/li>\n<\/ul>\n","protected":false},"excerpt":{"rendered":"<ul>\n<li>Datos de recaudaci\u00f3n<\/li>\n<li>Acuerdo internacional sobre fiscalidad digital<\/li>\n<li>Hacienda ultima el reglamento del IRPF para adaptar las subidas y las reducciones de planes de pensiones<\/li>\n<li>Administraci\u00f3n Digital Integral (ADI)<\/li>\n<li>Ventas en Gipuzkoa<\/li>\n<li>Medidas en torno al alquiler<\/li>\n<li>Reforma fiscal en torno al autom\u00f3vil<\/li>\n<li>Proyecto de Ley Org\u00e1nica de Protecci\u00f3n de Datos Personales tratados para fines de prevenci\u00f3n, detecci\u00f3n, investigaci\u00f3n y enjuiciamiento de infracciones penales y de ejecuci\u00f3n de sanciones penales<\/li>\n<li>Propuesta de reforma para la Ley Concursal<\/li>\n<li>El Gobierno Central ultima medidas de solvencia y plantea que parte de su coste lo asuma la banca<\/li>\n<li>El Gobierno reformar\u00e1 el marco legal para poder aumentar las ayudas directas a aut\u00f3nomos y empresas<\/li>\n<li>Creaci\u00f3n de una aplicaci\u00f3n para el c\u00e1lculo de los plazos de duraci\u00f3n de un expediente de contrataci\u00f3n administrativa hasta su formalizaci\u00f3n<\/li>\n<li>El Gobierno Vasco impulsa el programa Azpitek para actualizar el equipamiento cient\u00edfico-t\u00e9cnico de las empresas vascas<\/li>\n<li>La ley \u201cRider\u201d dar\u00e1 tres meses a las empresas para dar de alta a sus trabajadores<\/li>\n<li>El incremento salarial medio pactado en convenio comienza el a\u00f1o con un 1,44%<\/li>\n<li>Se aprueba un proyecto de reglamento que permitir\u00eda, utilizar algoritmos a la Inspecci\u00f3n de Trabajo y la Seguridad Social para la detecci\u00f3n del fraude<\/li>\n<li>El desempleo sube en 76.216 personas en enero<\/li>\n<li>El Gobierno negocia la implantaci\u00f3n un proyecto piloto para la jornada laboral de 4 d\u00edas<\/li>\n<li>Enero finaliza con 739.000 trabajadores en ERTE, 35.000 m\u00e1s que en diciembre<\/li>\n<li>Los registradores quieren proteger las grabaciones de audio y video de las Juntas telem\u00e1ticas<\/li>\n<li>Crear una sociedad con solo un Euro de capital social<\/li>\n<\/ul>\n","protected":false},"featured_media":0,"template":"","tipo_articulo":[3191],"ambito_geografico":[],"boletin":[4290],"class_list":["post-13674","noticias_boletin","type-noticias_boletin","status-publish","hentry","tipo_articulo-se-dice-que","boletin-octubre-2021"],"acf":[],"_links":{"self":[{"href":"https:\/\/www.lksnext.com\/eu\/wp-json\/wp\/v2\/noticias_boletin\/13674","targetHints":{"allow":["GET"]}}],"collection":[{"href":"https:\/\/www.lksnext.com\/eu\/wp-json\/wp\/v2\/noticias_boletin"}],"about":[{"href":"https:\/\/www.lksnext.com\/eu\/wp-json\/wp\/v2\/types\/noticias_boletin"}],"wp:attachment":[{"href":"https:\/\/www.lksnext.com\/eu\/wp-json\/wp\/v2\/media?parent=13674"}],"wp:term":[{"taxonomy":"tipo_articulo","embeddable":true,"href":"https:\/\/www.lksnext.com\/eu\/wp-json\/wp\/v2\/tipo_articulo?post=13674"},{"taxonomy":"ambito_geografico","embeddable":true,"href":"https:\/\/www.lksnext.com\/eu\/wp-json\/wp\/v2\/ambito_geografico?post=13674"},{"taxonomy":"boletin","embeddable":true,"href":"https:\/\/www.lksnext.com\/eu\/wp-json\/wp\/v2\/boletin?post=13674"}],"curies":[{"name":"wp","href":"https:\/\/api.w.org\/{rel}","templated":true}]}}