{"id":14231,"date":"2021-12-16T11:56:42","date_gmt":"2021-12-16T10:56:42","guid":{"rendered":"https:\/\/www.lksnext.com\/es\/?post_type=noticias_boletin&#038;p=14231"},"modified":"2021-12-16T11:56:42","modified_gmt":"2021-12-16T10:56:42","slug":"se-amplia-el-deber-de-presentar-el-einf","status":"publish","type":"noticias_boletin","link":"https:\/\/www.lksnext.com\/eu\/noticias_boletin\/se-amplia-el-deber-de-presentar-el-einf\/","title":{"rendered":"Se ampl\u00eda el deber de presentar el EINF"},"content":{"rendered":"<p>El Estado de Informaci\u00f3n no Financiera (EINF), conocido tambi\u00e9n como Informe de Sostenibilidad, debe presentarse anualmente y de forma p\u00fablica. Su contenido abarca la informaci\u00f3n ambiental, social, relativa al personal, al respeto de los derechos humanos, la lucha contra la corrupci\u00f3n y el soborno, as\u00ed como sobre la relaci\u00f3n de la empresa con la sociedad. Mediante Ley 11\/2018, se aprob\u00f3 la obligatoriedad de que determinadas empresas presenten, junto a sus cuentas anuales, dicho documento.<\/p>\n<p>Sin embargo, transcurridos tres a\u00f1os de la entrada en vigor de dicha Ley (para el ejercicio 2021), el alcance se ampl\u00eda a las sociedades que formulen cuentas consolidadas con m\u00e1s de 250 trabajadores que o bien tengan la consideraci\u00f3n de entidades de inter\u00e9s p\u00fablico de conformidad con la legislaci\u00f3n de auditor\u00eda de cuentas, exceptuando a las entidades que tienen la calificaci\u00f3n de empresas peque\u00f1as y medianas de acuerdo con la Directiva 2013\/34\/UE, o bien, durante dos ejercicios consecutivos re\u00fanan, a la fecha de cierre de cada uno de ellos, al menos una de las circunstancias siguientes:<\/p>\n<ul>\n<li>Que el total de las partidas del activo sea superior a 20.000.000 de Euros.<\/li>\n<li>Que el importe neto de la cifra anual de negocios supere los 40.000.000 de Euros.<\/li>\n<\/ul>\n","protected":false},"excerpt":{"rendered":"<ul>\n<li>Datos de recaudaci\u00f3n<\/li>\n<li>Acuerdo internacional sobre fiscalidad digital<\/li>\n<li>Hacienda ultima el reglamento del IRPF para adaptar las subidas y las reducciones de planes de pensiones<\/li>\n<li>Administraci\u00f3n Digital Integral (ADI)<\/li>\n<li>Ventas en Gipuzkoa<\/li>\n<li>Medidas en torno al alquiler<\/li>\n<li>Reforma fiscal en torno al autom\u00f3vil<\/li>\n<li>Proyecto de Ley Org\u00e1nica de Protecci\u00f3n de Datos Personales tratados para fines de prevenci\u00f3n, detecci\u00f3n, investigaci\u00f3n y enjuiciamiento de infracciones penales y de ejecuci\u00f3n de sanciones penales<\/li>\n<li>Propuesta de reforma para la Ley Concursal<\/li>\n<li>El Gobierno Central ultima medidas de solvencia y plantea que parte de su coste lo asuma la banca<\/li>\n<li>El Gobierno reformar\u00e1 el marco legal para poder aumentar las ayudas directas a aut\u00f3nomos y empresas<\/li>\n<li>Creaci\u00f3n de una aplicaci\u00f3n para el c\u00e1lculo de los plazos de duraci\u00f3n de un expediente de contrataci\u00f3n administrativa hasta su formalizaci\u00f3n<\/li>\n<li>El Gobierno Vasco impulsa el programa Azpitek para actualizar el equipamiento cient\u00edfico-t\u00e9cnico de las empresas vascas<\/li>\n<li>La ley \u201cRider\u201d dar\u00e1 tres meses a las empresas para dar de alta a sus trabajadores<\/li>\n<li>El incremento salarial medio pactado en convenio comienza el a\u00f1o con un 1,44%<\/li>\n<li>Se aprueba un proyecto de reglamento que permitir\u00eda, utilizar algoritmos a la Inspecci\u00f3n de Trabajo y la Seguridad Social para la detecci\u00f3n del fraude<\/li>\n<li>El desempleo sube en 76.216 personas en enero<\/li>\n<li>El Gobierno negocia la implantaci\u00f3n un proyecto piloto para la jornada laboral de 4 d\u00edas<\/li>\n<li>Enero finaliza con 739.000 trabajadores en ERTE, 35.000 m\u00e1s que en diciembre<\/li>\n<li>Los registradores quieren proteger las grabaciones de audio y video de las Juntas telem\u00e1ticas<\/li>\n<li>Crear una sociedad con solo un Euro de capital social<\/li>\n<\/ul>\n","protected":false},"featured_media":0,"template":"","tipo_articulo":[3191],"ambito_geografico":[],"boletin":[4303],"class_list":["post-14231","noticias_boletin","type-noticias_boletin","status-publish","hentry","tipo_articulo-se-dice-que","boletin-diciembre-2021"],"acf":[],"_links":{"self":[{"href":"https:\/\/www.lksnext.com\/eu\/wp-json\/wp\/v2\/noticias_boletin\/14231","targetHints":{"allow":["GET"]}}],"collection":[{"href":"https:\/\/www.lksnext.com\/eu\/wp-json\/wp\/v2\/noticias_boletin"}],"about":[{"href":"https:\/\/www.lksnext.com\/eu\/wp-json\/wp\/v2\/types\/noticias_boletin"}],"wp:attachment":[{"href":"https:\/\/www.lksnext.com\/eu\/wp-json\/wp\/v2\/media?parent=14231"}],"wp:term":[{"taxonomy":"tipo_articulo","embeddable":true,"href":"https:\/\/www.lksnext.com\/eu\/wp-json\/wp\/v2\/tipo_articulo?post=14231"},{"taxonomy":"ambito_geografico","embeddable":true,"href":"https:\/\/www.lksnext.com\/eu\/wp-json\/wp\/v2\/ambito_geografico?post=14231"},{"taxonomy":"boletin","embeddable":true,"href":"https:\/\/www.lksnext.com\/eu\/wp-json\/wp\/v2\/boletin?post=14231"}],"curies":[{"name":"wp","href":"https:\/\/api.w.org\/{rel}","templated":true}]}}