{"id":15751,"date":"2022-04-01T11:24:12","date_gmt":"2022-04-01T09:24:12","guid":{"rendered":"https:\/\/www.lksnext.com\/es\/?post_type=noticias_boletin&#038;p=15751"},"modified":"2022-04-01T11:24:12","modified_gmt":"2022-04-01T09:24:12","slug":"el-parlamento-europeo-pide-empoderar-a-la-juventud-y-condena-las-practicas-no-remuneradas","status":"publish","type":"noticias_boletin","link":"https:\/\/www.lksnext.com\/eu\/noticias_boletin\/el-parlamento-europeo-pide-empoderar-a-la-juventud-y-condena-las-practicas-no-remuneradas\/","title":{"rendered":"El Parlamento europeo pide &#8220;empoderar&#8221; a la juventud y condena las pr\u00e1cticas no remuneradas"},"content":{"rendered":"<p>Con una condena expresa a las pr\u00e1cticas no remuneradas, el Parlamento Europeo (PE) ha pedido a los pa\u00edses de la UE e inst\u00f3 a tomar medidas urgentes y espec\u00edficas para &#8220;empoderar&#8221; a la juventud, mitigar el impacto econ\u00f3mico y social de la Covid en los j\u00f3venes y evitar una generaci\u00f3n confinada.<\/p>\n<p>En una resoluci\u00f3n aprobada, la Euroc\u00e1mara conden\u00f3 las pr\u00e1cticas profesionales y formativas no remuneradas y reclam\u00f3 que la Garant\u00eda Juvenil reforzada, programa comunitario contra el desempleo de los j\u00f3venes, sea de car\u00e1cter vinculante, inclusivo y m\u00e1s eficaz.<\/p>\n<p>En este sentido, el documento recalca que las pr\u00e1cticas no pagadas son una forma de explotaci\u00f3n y una violaci\u00f3n de los derechos de los trabajadores j\u00f3venes, por lo que solicita a la Comisi\u00f3n Europea (CE) y a los Estados miembros que propongan un marco jur\u00eddico com\u00fan para garantizar una remuneraci\u00f3n justa de las pr\u00e1cticas y de los periodos de formaci\u00f3n.<\/p>\n<p>El texto del PE plantea la creaci\u00f3n de un espacio digital \u00fanico que fusione las plataformas existentes del Portal Europeo de la Juventud, Europass y Eres y que sirva como punto central de asistencia e informaci\u00f3n sobre posibilidades de formaci\u00f3n, empleo, pr\u00e1cticas, apoyo econ\u00f3mico, programas de movilidad y derechos asociados con la ciudadan\u00eda europea.<\/p>\n<p>La resoluci\u00f3n parlamentaria considera que los j\u00f3venes deben desempe\u00f1ar un papel fundamental en la configuraci\u00f3n de las pol\u00edticas sociales y de empleo en la comunidad europea y, por este motivo, insiste a los pa\u00edses miembros que impulsen la capacitaci\u00f3n, la educaci\u00f3n, la formaci\u00f3n y la integraci\u00f3n de la juventud en el mercado laboral.<\/p>\n","protected":false},"excerpt":{"rendered":"<ul>\n<li>Datos de recaudaci\u00f3n<\/li>\n<li>Acuerdo internacional sobre fiscalidad digital<\/li>\n<li>Hacienda ultima el reglamento del IRPF para adaptar las subidas y las reducciones de planes de pensiones<\/li>\n<li>Administraci\u00f3n Digital Integral (ADI)<\/li>\n<li>Ventas en Gipuzkoa<\/li>\n<li>Medidas en torno al alquiler<\/li>\n<li>Reforma fiscal en torno al autom\u00f3vil<\/li>\n<li>Proyecto de Ley Org\u00e1nica de Protecci\u00f3n de Datos Personales tratados para fines de prevenci\u00f3n, detecci\u00f3n, investigaci\u00f3n y enjuiciamiento de infracciones penales y de ejecuci\u00f3n de sanciones penales<\/li>\n<li>Propuesta de reforma para la Ley Concursal<\/li>\n<li>El Gobierno Central ultima medidas de solvencia y plantea que parte de su coste lo asuma la banca<\/li>\n<li>El Gobierno reformar\u00e1 el marco legal para poder aumentar las ayudas directas a aut\u00f3nomos y empresas<\/li>\n<li>Creaci\u00f3n de una aplicaci\u00f3n para el c\u00e1lculo de los plazos de duraci\u00f3n de un expediente de contrataci\u00f3n administrativa hasta su formalizaci\u00f3n<\/li>\n<li>El Gobierno Vasco impulsa el programa Azpitek para actualizar el equipamiento cient\u00edfico-t\u00e9cnico de las empresas vascas<\/li>\n<li>La ley \u201cRider\u201d dar\u00e1 tres meses a las empresas para dar de alta a sus trabajadores<\/li>\n<li>El incremento salarial medio pactado en convenio comienza el a\u00f1o con un 1,44%<\/li>\n<li>Se aprueba un proyecto de reglamento que permitir\u00eda, utilizar algoritmos a la Inspecci\u00f3n de Trabajo y la Seguridad Social para la detecci\u00f3n del fraude<\/li>\n<li>El desempleo sube en 76.216 personas en enero<\/li>\n<li>El Gobierno negocia la implantaci\u00f3n un proyecto piloto para la jornada laboral de 4 d\u00edas<\/li>\n<li>Enero finaliza con 739.000 trabajadores en ERTE, 35.000 m\u00e1s que en diciembre<\/li>\n<li>Los registradores quieren proteger las grabaciones de audio y video de las Juntas telem\u00e1ticas<\/li>\n<li>Crear una sociedad con solo un Euro de capital social<\/li>\n<\/ul>\n","protected":false},"featured_media":0,"template":"","tipo_articulo":[3191],"ambito_geografico":[],"boletin":[4331],"class_list":["post-15751","noticias_boletin","type-noticias_boletin","status-publish","hentry","tipo_articulo-se-dice-que","boletin-marzo-2022"],"acf":[],"_links":{"self":[{"href":"https:\/\/www.lksnext.com\/eu\/wp-json\/wp\/v2\/noticias_boletin\/15751","targetHints":{"allow":["GET"]}}],"collection":[{"href":"https:\/\/www.lksnext.com\/eu\/wp-json\/wp\/v2\/noticias_boletin"}],"about":[{"href":"https:\/\/www.lksnext.com\/eu\/wp-json\/wp\/v2\/types\/noticias_boletin"}],"wp:attachment":[{"href":"https:\/\/www.lksnext.com\/eu\/wp-json\/wp\/v2\/media?parent=15751"}],"wp:term":[{"taxonomy":"tipo_articulo","embeddable":true,"href":"https:\/\/www.lksnext.com\/eu\/wp-json\/wp\/v2\/tipo_articulo?post=15751"},{"taxonomy":"ambito_geografico","embeddable":true,"href":"https:\/\/www.lksnext.com\/eu\/wp-json\/wp\/v2\/ambito_geografico?post=15751"},{"taxonomy":"boletin","embeddable":true,"href":"https:\/\/www.lksnext.com\/eu\/wp-json\/wp\/v2\/boletin?post=15751"}],"curies":[{"name":"wp","href":"https:\/\/api.w.org\/{rel}","templated":true}]}}