{"id":16901,"date":"2022-06-01T18:55:22","date_gmt":"2022-06-01T16:55:22","guid":{"rendered":"https:\/\/www.lksnext.com\/es\/?post_type=noticias_boletin&#038;p=16901"},"modified":"2022-06-01T18:55:22","modified_gmt":"2022-06-01T16:55:22","slug":"consulta-publica-del-proyecto-de-ley-de-transparencia-y-participacion-ciudadana-de-euskadi","status":"publish","type":"noticias_boletin","link":"https:\/\/www.lksnext.com\/eu\/noticias_boletin\/consulta-publica-del-proyecto-de-ley-de-transparencia-y-participacion-ciudadana-de-euskadi\/","title":{"rendered":"Consulta p\u00fablica del Proyecto de Ley de Transparencia y Participaci\u00f3n ciudadana de Euskadi"},"content":{"rendered":"<p>El objeto y finalidad de este Proyecto de Ley es regular los ejes fundamentales del funcionamiento del sector p\u00fablico dela Comunidad Aut\u00f3noma de Euskadi (m\u00e1s all\u00e1 de lo dispuesto, desde una perspectiva m\u00e1s instrumental, en el Proyecto de Ley del Sector P\u00fablico, y desde una perspectiva de principios y valores de las personas que ejercen un cargo o un empleo p\u00fablico, en la Ley 1\/2014, de 26 de junio, Reguladora del C\u00f3digo de Conducta y de los Conflictos de Intereses de los Cargos P\u00fablicos y en el Proyecto de Ley de Empleo P\u00fablico Vasco), en tanto que criterios de car\u00e1cter transversal, poniendo as\u00ed las bases de nuestro modelo de Gobierno Abierto, basado en el tri\u00e1ngulo conceptual que conforman la planificaci\u00f3n y evaluaci\u00f3n de las pol\u00edticas p\u00fablicas, la rendici\u00f3n de cuentas a trav\u00e9s de la transparencia, y la participaci\u00f3n y colaboraci\u00f3n de la ciudadan\u00eda en los asuntos p\u00fablicos, y cuyo prop\u00f3sito es el logro de un desarrollo social, econ\u00f3mico y ambiental sostenible, basado en el equilibrio entre la acci\u00f3n del gobierno, la sociedad civil y la actividad social.<\/p>\n","protected":false},"excerpt":{"rendered":"<p>El objeto y finalidad de este Proyecto de Ley es regular los ejes fundamentales del funcionamiento del sector p\u00fablico dela Comunidad Aut\u00f3noma de Euskadi (m\u00e1s all\u00e1 de lo dispuesto, desde una perspectiva m\u00e1s instrumental, en el Proyecto de Ley del Sector P\u00fablico, y desde una perspectiva de principios y valores de las personas que ejercen [&hellip;]<\/p>\n","protected":false},"featured_media":0,"template":"","tipo_articulo":[3191],"ambito_geografico":[],"boletin":[4355],"class_list":["post-16901","noticias_boletin","type-noticias_boletin","status-publish","hentry","tipo_articulo-se-dice-que","boletin-mayo-2022"],"acf":[],"_links":{"self":[{"href":"https:\/\/www.lksnext.com\/eu\/wp-json\/wp\/v2\/noticias_boletin\/16901","targetHints":{"allow":["GET"]}}],"collection":[{"href":"https:\/\/www.lksnext.com\/eu\/wp-json\/wp\/v2\/noticias_boletin"}],"about":[{"href":"https:\/\/www.lksnext.com\/eu\/wp-json\/wp\/v2\/types\/noticias_boletin"}],"wp:attachment":[{"href":"https:\/\/www.lksnext.com\/eu\/wp-json\/wp\/v2\/media?parent=16901"}],"wp:term":[{"taxonomy":"tipo_articulo","embeddable":true,"href":"https:\/\/www.lksnext.com\/eu\/wp-json\/wp\/v2\/tipo_articulo?post=16901"},{"taxonomy":"ambito_geografico","embeddable":true,"href":"https:\/\/www.lksnext.com\/eu\/wp-json\/wp\/v2\/ambito_geografico?post=16901"},{"taxonomy":"boletin","embeddable":true,"href":"https:\/\/www.lksnext.com\/eu\/wp-json\/wp\/v2\/boletin?post=16901"}],"curies":[{"name":"wp","href":"https:\/\/api.w.org\/{rel}","templated":true}]}}