{"id":21495,"date":"2023-01-09T14:16:30","date_gmt":"2023-01-09T13:16:30","guid":{"rendered":"https:\/\/www.lksnext.com\/es\/?post_type=noticias_boletin&#038;p=21495"},"modified":"2023-01-09T14:16:30","modified_gmt":"2023-01-09T13:16:30","slug":"programa-lehen-aukera-2","status":"publish","type":"noticias_boletin","link":"https:\/\/www.lksnext.com\/eu\/noticias_boletin\/programa-lehen-aukera-2\/","title":{"rendered":"Programa LEHEN AUKERA"},"content":{"rendered":"<p><strong>B.O.P.V.<\/strong><strong>: <\/strong>30.12.2022<br \/>\n<strong>Entrada en vigor: <\/strong>31.12.2022<\/p>\n<h2><strong>Objeto<\/strong><\/h2>\n<p>El objeto de la presente convocatoria es establecer las bases y regular las ayudas a conceder por la contrataci\u00f3n de personas j\u00f3venes, en situaci\u00f3n de desempleo y sin previa o con escasa experiencia laboral, en empleos relacionados con su titulaci\u00f3n, por las empresas vascas, u otras entidades, previstas en los arts. 4 y 12, como medida para favorecer la mejora de su empleabilidad, a trav\u00e9s de la adquisici\u00f3n de experiencia profesional, y de consolidar su inserci\u00f3n laboral.<\/p>\n<h2><strong>Beneficiarios<\/strong><\/h2>\n<p>Podr\u00e1n ser beneficiarias de las subvenciones por la celebraci\u00f3n de contratos indefinidos y\/ o contratos formativos para la obtenci\u00f3n de la pr\u00e1ctica profesional previstas en esta convocatoria las empresas privadas, cualquiera que sea su forma jur\u00eddica, los\/as empresarios\/as individuales, las comunidades de bienes y sociedades civiles, as\u00ed como las Asociaciones y Fundaciones, que cumplan las condiciones generales previstas en el art. 17, adem\u00e1s de los siguientes requisitos:<\/p>\n<ol>\n<li>Tener domicilio social y fiscal en la CAPV o centro de trabajo radicado en la CAPV.<\/li>\n<li>No hallarse participada directa o indirectamente en m\u00e1s de un 50 % por una o varias Administraciones P\u00fablicas.<\/li>\n<li>Haber comunicado a la Representaci\u00f3n Legal de los Trabajadores (RLT) de la empresa, la intenci\u00f3n de contratar al amparo de esta convocatoria con indicaci\u00f3n del tipo de contrato, tiempo de la contrataci\u00f3n y puesto a ocupar. La empresa deber\u00e1 declarar expresamente en la solicitud si dispone o no de RLT.<\/li>\n<\/ol>\n<h2><strong>Actividades y gastos subvencionables<\/strong><\/h2>\n<p>Esta convocatoria se dirige a la contrataci\u00f3n de personas j\u00f3venes, mayores de 16 a\u00f1os y menores de 30 a\u00f1os, que cumplan los siguientes requisitos:<\/p>\n<ol>\n<li>Residir en la Comunidad Aut\u00f3noma de Euskadi.<\/li>\n<li>Estar inscrita y de alta como demandante de empleo en Lanbide-Servicio Vasco de Empleo y desempleada el d\u00eda anterior a la fecha de inicio del contrato.<\/li>\n<li>Estar en posesi\u00f3n de alguna de las titulaciones incluidas en este punto:\n<ol>\n<li>Licenciatura, Ingenier\u00eda, Arquitectura o M\u00e1ster-Plan Bolonia.<\/li>\n<li>Diplomatura Universitaria, Ingenier\u00eda T\u00e9cnica, Arquitectura T\u00e9cnica o Grado universitario-Plan Bolonia.<\/li>\n<li>T\u00e9cnico\/a Superior o Medio de Formaci\u00f3n Profesional reglada, de la formaci\u00f3n profesional espec\u00edfica, siendo equivalentes a los anteriores los t\u00edtulos de T\u00e9cnico\/a Auxiliar (FP1) y T\u00e9cnico\/a Especialista (FP2).<\/li>\n<li>Formaci\u00f3n Profesional b\u00e1sica.<\/li>\n<li>Otras titulaciones oficialmente reconocidas como equivalentes a las anteriores.<\/li>\n<li>Certificado de profesionalidad.<\/li>\n<\/ol>\n<\/li>\n<li>Tener una experiencia laboral m\u00e1xima de 6 meses en empleos relacionados con su titulaci\u00f3n.<\/li>\n<\/ol>\n<h2><strong>Forma y plazo de presentaci\u00f3n de solicitudes<\/strong><\/h2>\n<p>La ficha informativa del procedimiento administrativo donde est\u00e1n disponibles las instrucciones para la tramitaci\u00f3n, las declaraciones responsables y los modelos, y a trav\u00e9s de la cual se accede al formulario de solicitud est\u00e1 accesible en la p\u00e1gina web del gobierno vasco, as\u00ed como la realizaci\u00f3n de todos los tr\u00e1mites posteriores, incluidas las notificaciones y justificaciones, se realizar\u00e1n en la misma direcci\u00f3n.<\/p>\n<p>El plazo de presentaci\u00f3n de solicitudes ser\u00e1 desde el d\u00eda siguiente al de la publicaci\u00f3n de esta convocatoria en el BOPV hasta el 31 de octubre de 2023.<\/p>\n<p><a class=\"boton naranja\" href=\"https:\/\/www.euskadi.eus\/y22-bopv\/es\/bopv2\/datos\/2022\/12\/2205795a.pdf\" target=\"_blank\" rel=\"noopener noreferrer\">Bolet\u00edn oficial<\/a><\/p>\n","protected":false},"excerpt":{"rendered":"<p>B.O.P.V.: 30.12.2022 Entrada en vigor: 31.12.2022 Objeto El objeto de la presente convocatoria es establecer las bases y regular las ayudas a conceder por la contrataci\u00f3n de personas j\u00f3venes, en situaci\u00f3n de desempleo y sin previa o con escasa experiencia laboral, en empleos relacionados con su titulaci\u00f3n, por las empresas vascas, u otras entidades, previstas [&hellip;]<\/p>\n","protected":false},"featured_media":0,"template":"","tipo_articulo":[3182],"ambito_geografico":[3198],"boletin":[4383],"class_list":["post-21495","noticias_boletin","type-noticias_boletin","status-publish","hentry","tipo_articulo-ayudas","ambito_geografico-pais-vasco","boletin-diciembre-2022"],"acf":[],"_links":{"self":[{"href":"https:\/\/www.lksnext.com\/eu\/wp-json\/wp\/v2\/noticias_boletin\/21495","targetHints":{"allow":["GET"]}}],"collection":[{"href":"https:\/\/www.lksnext.com\/eu\/wp-json\/wp\/v2\/noticias_boletin"}],"about":[{"href":"https:\/\/www.lksnext.com\/eu\/wp-json\/wp\/v2\/types\/noticias_boletin"}],"wp:attachment":[{"href":"https:\/\/www.lksnext.com\/eu\/wp-json\/wp\/v2\/media?parent=21495"}],"wp:term":[{"taxonomy":"tipo_articulo","embeddable":true,"href":"https:\/\/www.lksnext.com\/eu\/wp-json\/wp\/v2\/tipo_articulo?post=21495"},{"taxonomy":"ambito_geografico","embeddable":true,"href":"https:\/\/www.lksnext.com\/eu\/wp-json\/wp\/v2\/ambito_geografico?post=21495"},{"taxonomy":"boletin","embeddable":true,"href":"https:\/\/www.lksnext.com\/eu\/wp-json\/wp\/v2\/boletin?post=21495"}],"curies":[{"name":"wp","href":"https:\/\/api.w.org\/{rel}","templated":true}]}}