{"id":23746,"date":"2023-04-05T15:38:20","date_gmt":"2023-04-05T13:38:20","guid":{"rendered":"https:\/\/www.lksnext.com\/es\/?post_type=noticias_boletin&#038;p=23746"},"modified":"2023-04-05T15:38:20","modified_gmt":"2023-04-05T13:38:20","slug":"negar-el-acceso-a-imagenes-de-videovigilancia-y-vulnerar-el-derecho-de-acceso-a-los-datos-personales","status":"publish","type":"noticias_boletin","link":"https:\/\/www.lksnext.com\/eu\/noticias_boletin\/negar-el-acceso-a-imagenes-de-videovigilancia-y-vulnerar-el-derecho-de-acceso-a-los-datos-personales\/","title":{"rendered":"Negar el acceso a im\u00e1genes de videovigilancia y vulnerar el derecho de acceso a los datos personales"},"content":{"rendered":"<p>La Agencia Espa\u00f1ola de Protecci\u00f3n de Datos (en adelante, AEPD) ha impuesto una multa de 10.000 euros a un centro comercial por negar a la persona reclamante el acceso a las im\u00e1genes captadas por las c\u00e1maras de videovigilancia del aparcamiento.<\/p>\n<p>La persona reclamante solicit\u00f3 el acceso a las im\u00e1genes debido a un incidente en el que su veh\u00edculo fue da\u00f1ado en el aparcamiento del centro comercial. Sin embargo, la reclamada se neg\u00f3 a proporcionarle el acceso, argumentando que las im\u00e1genes solo se pueden requerir por personal autorizado o por la polic\u00eda, y solo en el caso de que exista una denuncia previa.<\/p>\n<p>La AEPD ha determinado que no dar acceso a la persona reclamante a las grabaciones que se realizaron sobre ella y su veh\u00edculo en las instalaciones del centro comercial, y no poder acreditar su falta de responsabilidad, supone una infracci\u00f3n del derecho de acceso recogido en el art. 15 del Reglamento General de Protecci\u00f3n de Datos.<\/p>\n","protected":false},"excerpt":{"rendered":"<p>La Agencia Espa\u00f1ola de Protecci\u00f3n de Datos (en adelante, AEPD) ha impuesto una multa de 10.000 euros a un centro comercial por negar a la persona reclamante el acceso a las im\u00e1genes captadas por las c\u00e1maras de videovigilancia del aparcamiento. La persona reclamante solicit\u00f3 el acceso a las im\u00e1genes debido a un incidente en el [&hellip;]<\/p>\n","protected":false},"featured_media":0,"template":"","tipo_articulo":[3190],"ambito_geografico":[],"boletin":[4395],"class_list":["post-23746","noticias_boletin","type-noticias_boletin","status-publish","hentry","tipo_articulo-noticias-de-interes","boletin-marzo-2023"],"acf":[],"_links":{"self":[{"href":"https:\/\/www.lksnext.com\/eu\/wp-json\/wp\/v2\/noticias_boletin\/23746","targetHints":{"allow":["GET"]}}],"collection":[{"href":"https:\/\/www.lksnext.com\/eu\/wp-json\/wp\/v2\/noticias_boletin"}],"about":[{"href":"https:\/\/www.lksnext.com\/eu\/wp-json\/wp\/v2\/types\/noticias_boletin"}],"wp:attachment":[{"href":"https:\/\/www.lksnext.com\/eu\/wp-json\/wp\/v2\/media?parent=23746"}],"wp:term":[{"taxonomy":"tipo_articulo","embeddable":true,"href":"https:\/\/www.lksnext.com\/eu\/wp-json\/wp\/v2\/tipo_articulo?post=23746"},{"taxonomy":"ambito_geografico","embeddable":true,"href":"https:\/\/www.lksnext.com\/eu\/wp-json\/wp\/v2\/ambito_geografico?post=23746"},{"taxonomy":"boletin","embeddable":true,"href":"https:\/\/www.lksnext.com\/eu\/wp-json\/wp\/v2\/boletin?post=23746"}],"curies":[{"name":"wp","href":"https:\/\/api.w.org\/{rel}","templated":true}]}}