{"id":9305,"date":"2021-04-06T10:04:19","date_gmt":"2021-04-06T08:04:19","guid":{"rendered":"https:\/\/www.lksnext.com\/es\/?post_type=noticias_boletin&#038;p=9305"},"modified":"2021-04-06T10:04:19","modified_gmt":"2021-04-06T08:04:19","slug":"iva-pendiente-de-compensar-de-ejercicios-anteriores","status":"publish","type":"noticias_boletin","link":"https:\/\/www.lksnext.com\/eu\/noticias_boletin\/iva-pendiente-de-compensar-de-ejercicios-anteriores\/","title":{"rendered":"IVA pendiente de compensar de ejercicios anteriores"},"content":{"rendered":"<p>El Tribunal Econ\u00f3mico Administrativo Foral de Gipuzkoa en su resoluci\u00f3n de 14 de febrero de 2019 se pronuncia acerca del derecho a recuperar el IVA pendiente de compensaci\u00f3n de ejercicios anteriores en los siguientes t\u00e9rminos sobre la base de la jurisprudencia del Tribunal Supremo:<\/p>\n<p>\u201c<em>Las posibilidades de compensaci\u00f3n o devoluci\u00f3n han de operar de modo alternativo. Pero,\u00a0aunque el sujeto pasivo del impuesto opte por compensar durante los cinco a\u00f1os (ahora cuatro) siguientes a aquel periodo en que se produjo el exceso de impuesto soportado sobre el devengado, debe poder optar por la devoluci\u00f3n del saldo diferencial que quede por compensar. El sujeto pasivo tiene un cr\u00e9dito contra la Hacienda P\u00fablica que se abstrae de su causa y que debe poder cobrar aun despu\u00e9s de concluir el plazo de caducidad.<\/em><\/p>\n<p><em>La p\u00e9rdida por el sujeto pasivo del derecho a resarcirse totalmente del IVA que soport\u00f3 supondr\u00eda desvirtuar el esp\u00edritu y la finalidad del Impuesto. Por todo ello, entendemos (\u2026) que no hay caducidad del derecho a recuperar los excesos no deducidos, aunque s\u00ed p\u00e9rdida del derecho a compensar en periodos posteriores al plazo establecido, de forma que cuando no exista posibilidad para el sujeto pasivo de ejercitar la &#8220;compensaci\u00f3n&#8221; por transcurso del plazo fijado, la Administraci\u00f3n debe &#8220;devolver&#8221; al sujeto pasivo el exceso de cuota no deducido.<\/em><\/p>\n<p>A<em>s\u00ed pues, en la declaraci\u00f3n en que se cumplen cinco a\u00f1os (cuatro a\u00f1os desde el 1 de enero de 2000), cuando ya no es posible &#8220;optar&#8221; por insuficiencia de cuotas devengadas, desde luego que se puede pedir la devoluci\u00f3n. (\u2026)<\/em><\/p>\n<p><em>Caducado el derecho a deducir, o sea, a restar mediante compensaci\u00f3n, la neutralidad del IVA s\u00f3lo se respeta y garantiza cuando se considere que empieza entonces un periodo de devoluci\u00f3n, precisamente porque la compensaci\u00f3n no fue posible, y que se extiende al plazo se\u00f1alado para la prescripci\u00f3n de este derecho, despu\u00e9s del cual ya no cabe su ejercicio. Por cualquiera de los procedimientos que se establecen (compensaci\u00f3n y\/o devoluci\u00f3n) se debe poder lograr el objetivo de la neutralidad del IVA<\/em>.\u201d<\/p>\n<p>Es decir, se establece que no hay caducidad del derecho a recuperar los excesos no deducidos, aunque s\u00ed p\u00e9rdida del derecho a compensar en per\u00edodos posteriores al plazo establecido.<\/p>\n<p>Proclama tambi\u00e9n el deber de la Administraci\u00f3n de &#8220;devolver&#8221; al sujeto pasivo el exceso de cuota no deducido dado que la neutralidad del IVA s\u00f3lo se respeta cuando se considere que empieza, entonces, un per\u00edodo de devoluci\u00f3n, para la compensaci\u00f3n que no fue posible, y que se extiende al plazo se\u00f1alado para la prescripci\u00f3n de este derecho, que en Gipuzkoa es de 4 a\u00f1os, despu\u00e9s del cual ya no procede, en ning\u00fan caso, la devoluci\u00f3n de los saldos no compensados en plazo cuya solicitud de devoluci\u00f3n no se haya formulado. Y precisamente por haber transcurrido m\u00e1s de 4 a\u00f1os en relaci\u00f3n con la prescripci\u00f3n, desestiman las alegaciones de la parte reclamante.<\/p>\n","protected":false},"excerpt":{"rendered":"<p>El Tribunal Econ\u00f3mico Administrativo Foral de Gipuzkoa en su resoluci\u00f3n de 14 de febrero de 2019 se pronuncia acerca del derecho a recuperar el IVA pendiente de compensaci\u00f3n de ejercicios anteriores en los siguientes t\u00e9rminos sobre la base de la jurisprudencia del Tribunal Supremo: \u201cLas posibilidades de compensaci\u00f3n o devoluci\u00f3n han de operar de modo [&hellip;]<\/p>\n","protected":false},"featured_media":0,"template":"","tipo_articulo":[3190],"ambito_geografico":[],"boletin":[4258],"class_list":["post-9305","noticias_boletin","type-noticias_boletin","status-publish","hentry","tipo_articulo-noticias-de-interes","boletin-marzo-2021"],"acf":[],"_links":{"self":[{"href":"https:\/\/www.lksnext.com\/eu\/wp-json\/wp\/v2\/noticias_boletin\/9305","targetHints":{"allow":["GET"]}}],"collection":[{"href":"https:\/\/www.lksnext.com\/eu\/wp-json\/wp\/v2\/noticias_boletin"}],"about":[{"href":"https:\/\/www.lksnext.com\/eu\/wp-json\/wp\/v2\/types\/noticias_boletin"}],"wp:attachment":[{"href":"https:\/\/www.lksnext.com\/eu\/wp-json\/wp\/v2\/media?parent=9305"}],"wp:term":[{"taxonomy":"tipo_articulo","embeddable":true,"href":"https:\/\/www.lksnext.com\/eu\/wp-json\/wp\/v2\/tipo_articulo?post=9305"},{"taxonomy":"ambito_geografico","embeddable":true,"href":"https:\/\/www.lksnext.com\/eu\/wp-json\/wp\/v2\/ambito_geografico?post=9305"},{"taxonomy":"boletin","embeddable":true,"href":"https:\/\/www.lksnext.com\/eu\/wp-json\/wp\/v2\/boletin?post=9305"}],"curies":[{"name":"wp","href":"https:\/\/api.w.org\/{rel}","templated":true}]}}