{"id":9347,"date":"2021-04-06T10:03:46","date_gmt":"2021-04-06T08:03:46","guid":{"rendered":"https:\/\/www.lksnext.com\/es\/?post_type=noticias_boletin&#038;p=9347"},"modified":"2021-04-06T10:03:46","modified_gmt":"2021-04-06T08:03:46","slug":"nulo-el-despido-de-una-trabajadora-de-baja-por-covid-19","status":"publish","type":"noticias_boletin","link":"https:\/\/www.lksnext.com\/eu\/noticias_boletin\/nulo-el-despido-de-una-trabajadora-de-baja-por-covid-19\/","title":{"rendered":"Nulo el despido de una trabajadora de baja por Covid-19"},"content":{"rendered":"<p>Un Juzgado de lo Social ha declarado nulo el despido de una trabajadora de baja por IT por ser sospechosa de padecer Covid-19. El JS apela al hecho de ser una enfermedad estigmatizante para declarar la nulidad.<\/p>\n<p>La Sentencia (JS de Murcia. Secci\u00f3n 9, de 10 de diciembre de 2020) determina que en este caso es indiferente que la enfermedad sea duradera o no, o que tenga cura o no, siendo lo importante el temor estigmatizante que genera en los dem\u00e1s, el tiempo en que hay riesgo de contagio.<\/p>\n<p>La empresa le comunic\u00f3 carta de despido disciplinario de 20 de abril de 2020, con misma fecha de efectos, mediante SMS remitido al tel\u00e9fono m\u00f3vil de la trabajadora a las 20.57 horas de ese mismo d\u00eda justo despu\u00e9s de tener conocimiento de los padecimientos de la trabajadora.<\/p>\n<p>El JS falla a favor de la trabajadora y declara la nulidad del despido por vulneraci\u00f3n de derechos fundamentales al entender que la Covid-19 puede considerarse como una enfermedad estigmatizante.<\/p>\n","protected":false},"excerpt":{"rendered":"<p>Un Juzgado de lo Social ha declarado nulo el despido de una trabajadora de baja por IT por ser sospechosa de padecer Covid-19. El JS apela al hecho de ser una enfermedad estigmatizante para declarar la nulidad. La Sentencia (JS de Murcia. Secci\u00f3n 9, de 10 de diciembre de 2020) determina que en este caso [&hellip;]<\/p>\n","protected":false},"featured_media":0,"template":"","tipo_articulo":[3190],"ambito_geografico":[],"boletin":[4258],"class_list":["post-9347","noticias_boletin","type-noticias_boletin","status-publish","hentry","tipo_articulo-noticias-de-interes","boletin-marzo-2021"],"acf":[],"_links":{"self":[{"href":"https:\/\/www.lksnext.com\/eu\/wp-json\/wp\/v2\/noticias_boletin\/9347","targetHints":{"allow":["GET"]}}],"collection":[{"href":"https:\/\/www.lksnext.com\/eu\/wp-json\/wp\/v2\/noticias_boletin"}],"about":[{"href":"https:\/\/www.lksnext.com\/eu\/wp-json\/wp\/v2\/types\/noticias_boletin"}],"wp:attachment":[{"href":"https:\/\/www.lksnext.com\/eu\/wp-json\/wp\/v2\/media?parent=9347"}],"wp:term":[{"taxonomy":"tipo_articulo","embeddable":true,"href":"https:\/\/www.lksnext.com\/eu\/wp-json\/wp\/v2\/tipo_articulo?post=9347"},{"taxonomy":"ambito_geografico","embeddable":true,"href":"https:\/\/www.lksnext.com\/eu\/wp-json\/wp\/v2\/ambito_geografico?post=9347"},{"taxonomy":"boletin","embeddable":true,"href":"https:\/\/www.lksnext.com\/eu\/wp-json\/wp\/v2\/boletin?post=9347"}],"curies":[{"name":"wp","href":"https:\/\/api.w.org\/{rel}","templated":true}]}}